{"id":2924,"date":"2020-09-15T11:53:12","date_gmt":"2020-09-15T09:53:12","guid":{"rendered":"https:\/\/www.maiwald.eu\/all\/maiwald-blog\/gesetz-zur-starkung-des-fairen-wettbewerbs\/"},"modified":"2021-10-13T09:40:19","modified_gmt":"2021-10-13T07:40:19","slug":"gesetz-zur-staerkung-des-fairen-wettbewerbs","status":"publish","type":"maiwald-blog","link":"https:\/\/www.maiwald.eu\/de\/maiwald-blog\/gesetz-zur-staerkung-des-fairen-wettbewerbs\/","title":{"rendered":"Gesetz zur St\u00e4rkung des fairen Wettbewerbs"},"content":{"rendered":"\n<p>Der Bundestag hat in der Lesung am 10. September 2020 den Gesetzentwurf zur St\u00e4rkung des fairen Wettbewerbs im Interesse der Verbraucher und der weiteren Marktteilnehmer in ge\u00e4nderter Fassung (<a href=\"https:\/\/www.bmjv.de\/SharedDocs\/Gesetzgebungsverfahren\/Dokumente\/RegE_Staerkung_faierer_Wettbewerb.pdf?__blob=publicationFile&amp;v=1\" target=\"_blank\" rel=\"noopener\">19\/22238<\/a>) angenommen.<\/p>\n\n\n\n<p><strong>Vornehmliches Ziel<\/strong> der beschlossenen gesetzgeberischen Ma\u00dfnahmen ist ein<strong> verbesserter Schutz gegen missbr\u00e4uchliche Abmahnungen. <\/strong><\/p>\n\n\n\n<p>Hierzu sieht der Gesetzentwurf u.a. h\u00f6here Anforderungen an die Befugnis zur Geltendmachung von Anspr\u00fcchen, die Verringerung finanzieller Anreize f\u00fcr Abmahnungen und mehr Transparenz sowie vereinfachte M\u00f6glichkeiten zur Geltendmachung von Gegenanspr\u00fcchen vor.<\/p>\n\n\n\n<p>Dar\u00fcber hinaus wird zur St\u00e4rkung des Wettbewerbs bei formgebundenen Ersatzteilen komplexer Erzeugnisses, wie zum Beispiel Automobilen eine <strong>Reparaturklausel<\/strong> eingef\u00fchrt, die das Designrecht bei sichtbaren Ersatzteilen f\u00fcr Reparaturzwecke einschr\u00e4nkt.<\/p>\n\n\n\n<p>Dies f\u00fchrt zu \u00c4nderungen an folgenden Gesetzen:<\/p>\n\n\n\n<ul class=\"wp-block-list\"><li>Gesetz gegen den unlauteren Wettbewerb (UWG)<\/li><li>Unterlassungsklagengesetz (UKlaG)<\/li><li>Gerichtskostengesetz (GKG)<\/li><li>Urheberrechtsgesetz (UrhG)<\/li><li style=\"margin-bottom: 12px;\">Gesetz \u00fcber den rechtlichen Schutz von Design (DesignG)<\/li><\/ul>\n\n\n\n<h5 class=\"wp-block-heading\"><strong>\u00c4nderungen in UWG, UKlaG und GKG<\/strong><\/h5>\n\n\n\n<p>Erhebliche Kritik hat im Vorfeld die geplante Einschr\u00e4nkung des sog. \u201efliegenden Gerichtsstands\u201c erfahren. Dies soll jedoch nach der Begr\u00fcndung des Gesetzentwurfes kleine und mittlere Unternehmen davor sch\u00fctzen, dass einstweilige Verf\u00fcgungen gezielt bei von deren Sitz\/Wohnsitz bei weit entfernten Gerichten beantragt werden, um die Rechtsverteidigung hierdurch zu erschweren.<\/p>\n\n\n\n<p>Auch sieht der Entwurf u.a. vor, die Klagebefugnis von Wettbewerbern aber auch von Wirtschaftsverb\u00e4nden zu erh\u00f6hen (vgl. \u00a7 8 Abs. 3 UWG-E). Dar\u00fcber hinaus wird die M\u00f6glichkeit zur Geltendmachung von Gegenanspr\u00fcchen vereinfacht (vgl. \u00a7 13 Abs. 5 UWG-E).<\/p>\n\n\n\n<p>Wirtschaftsverb\u00e4nde m\u00fcssen sich k\u00fcnftig im Rahmen eines zus\u00e4tzlichen Verwaltungsverfahrens vor dem Bundesministerium der Justiz eintragen lassen, um zur Geltendmachung von Anspr\u00fcchen nach dem UWG und UklaG berechtigt zu sein. Dies entlastet die Gerichte von der Pr\u00fcfung der Klagebefugnis der Wirtschaftsverb\u00e4nde. Die neue Regelung in \u00a7 8 Abs. 3 UWG-E tritt nach neun Monaten nach Verk\u00fcndung in Kraft, um den Wirtschaftsverb\u00e4nden die Umstellung auf die neue Rechtslage zu erm\u00f6glichen.<\/p>\n\n\n\n<h5 class=\"wp-block-heading\"><strong>\u00c4nderungen im DesignG <\/strong><\/h5>\n\n\n\n<p>Der Gesetzentwurf&nbsp; f\u00fchrt&nbsp; au\u00dferdem&nbsp; eine&nbsp; Reparaturklausel&nbsp; in&nbsp; das&nbsp; deutsche&nbsp; Designrecht ein (vgl. \u00a740a DesignG-E), wonach formgebundene Ersatzteile nicht designrechtlich gesch\u00fctzt werden. Dadurch wird eine \u00d6ffnung des Sekund\u00e4rmarkts f\u00fcr Ersatzteile herbeigef\u00fchrt. Hinsichtlich der Einzelheiten zur neuen <a href=\"https:\/\/www.maiwald.eu\/aktuelles\/maiwald-blog\/article\/koalitionsfraktionen-einigen-sich-auf-reparaturklausel\/\" target=\"_top\" rel=\"noopener\">Reparaturklausel<\/a> verweise ich auf den Beitrag meiner Kollegin <a href=\"https:\/\/www.maiwald.eu\/team\/susanna-heurung\/\" target=\"_top\" rel=\"noopener\">Susanna Heurung<\/a>.<\/p>\n\n\n\n<h5 class=\"wp-block-heading\"><strong>\u00c4nderungen im UrhG<\/strong><\/h5>\n\n\n\n<p>Im UrhG sind lediglich geringf\u00fcgige Anpassungen vorgesehen. U.a. muss k\u00fcnftig bei \u00dcbersendung einer vorformulierten Unterlassungsverpflichtungserkl\u00e4rung angeben werden, ob diese Erkl\u00e4rung erheblich \u00fcber den geltend gemachten Unterlassungsanspruch hinausgeht.<\/p>\n","protected":false},"template":"","meta":{"_acf_changed":false,"footnotes":""},"class_list":["post-2924","maiwald-blog","type-maiwald-blog","status-publish","hentry"],"acf":[],"_links":{"self":[{"href":"https:\/\/www.maiwald.eu\/de\/wp-json\/wp\/v2\/maiwald-blog\/2924","targetHints":{"allow":["GET"]}}],"collection":[{"href":"https:\/\/www.maiwald.eu\/de\/wp-json\/wp\/v2\/maiwald-blog"}],"about":[{"href":"https:\/\/www.maiwald.eu\/de\/wp-json\/wp\/v2\/types\/maiwald-blog"}],"version-history":[{"count":2,"href":"https:\/\/www.maiwald.eu\/de\/wp-json\/wp\/v2\/maiwald-blog\/2924\/revisions"}],"predecessor-version":[{"id":10426,"href":"https:\/\/www.maiwald.eu\/de\/wp-json\/wp\/v2\/maiwald-blog\/2924\/revisions\/10426"}],"wp:attachment":[{"href":"https:\/\/www.maiwald.eu\/de\/wp-json\/wp\/v2\/media?parent=2924"}],"curies":[{"name":"wp","href":"https:\/\/api.w.org\/{rel}","templated":true}]}}