{"id":2909,"date":"2020-07-21T12:14:16","date_gmt":"2020-07-21T10:14:16","guid":{"rendered":"https:\/\/www.maiwald.eu\/all\/maiwald-blog\/koalitionsfraktionen-einigen-sich-auf-reparaturklausel\/"},"modified":"2021-06-14T02:22:46","modified_gmt":"2021-06-14T00:22:46","slug":"koalitionsfraktionen-einigen-sich-auf-reparaturklausel","status":"publish","type":"maiwald-blog","link":"https:\/\/www.maiwald.eu\/de\/maiwald-blog\/koalitionsfraktionen-einigen-sich-auf-reparaturklausel\/","title":{"rendered":"Koalitionsfraktionen einigen sich auf Reparaturklausel"},"content":{"rendered":"\n<p><strong>Am 13. Juli 2020 haben sich die <\/strong><strong>Koalitionsfraktionen von CDU\/CSU und SPD auf die Einf\u00fchrung einer Reparaturklausel in das deutsche Designgesetz geeinigt. <\/strong><\/p>\n\n\n\n<p>Der entsprechende Referentenentwurf des \u00a7 40a DesignG (neu), der schon im Mai 2019 verabschiedet wurde, soll dabei unver\u00e4ndert \u00fcbernommen werden. Danach besteht kein Schutz f\u00fcr ein Design, das als Bauelement eines komplexen Erzeugnisses mit dem Ziel verwendet wird, die Reparatur des komplexen Erzeugnisses zu erm\u00f6glichen, um diesem wieder sein urspr\u00fcngliches Erscheinungsbild zu verleihen. Betroffen davon sind z.B. Designs von Motorhauben, Kotfl\u00fcgeln, Au\u00dfenspiegeln, Scheinwerfern und R\u00fcckleuchten.<\/p>\n\n\n\n<p>Eine solche Klausel war jahrelang sehr umstritten. Bef\u00fcrworter argumentierten, dass die Ersatzteilklausel gut f\u00fcr den Wettbewerb sei, da diese Klausel einen gesunden Wettbewerb erm\u00f6gliche und Verbraucher nun keine \u00fcberh\u00f6hten Preise mehr f\u00fcr Kfz Ersatzteile bezahlen m\u00fcssten. Gegner hatten u.a. auf Sicherheitsaspekte hingewiesen, wenn Original und Replika nicht mehr unterschieden werden k\u00f6nnten.<\/p>\n\n\n\n<p>Mit der Reparaturklausel soll allerdings nicht in bestehende Rechte eingegriffen werden. Die in \u00a7 73 Abs.2 DesignG (neu) urspr\u00fcngliche vorgesehene Anwendbarkeit der Reparaturklausel f\u00fcr alle Designs mit einem Anmeldedatum ab Januar 2020 d\u00fcrfte also auf das Datum des Inkrafttretens des neuen Gesetzes angepasst werden.<\/p>\n\n\n\n<p>Der Entwurf soll <strong>unmittelbar nach der parlamentarischen Sommerpause im Deutschen Bundestag beschlossen werden.<\/strong><\/p>\n","protected":false},"template":"","meta":{"_acf_changed":false,"footnotes":""},"class_list":["post-2909","maiwald-blog","type-maiwald-blog","status-publish","hentry"],"acf":[],"_links":{"self":[{"href":"https:\/\/www.maiwald.eu\/de\/wp-json\/wp\/v2\/maiwald-blog\/2909","targetHints":{"allow":["GET"]}}],"collection":[{"href":"https:\/\/www.maiwald.eu\/de\/wp-json\/wp\/v2\/maiwald-blog"}],"about":[{"href":"https:\/\/www.maiwald.eu\/de\/wp-json\/wp\/v2\/types\/maiwald-blog"}],"version-history":[{"count":0,"href":"https:\/\/www.maiwald.eu\/de\/wp-json\/wp\/v2\/maiwald-blog\/2909\/revisions"}],"wp:attachment":[{"href":"https:\/\/www.maiwald.eu\/de\/wp-json\/wp\/v2\/media?parent=2909"}],"curies":[{"name":"wp","href":"https:\/\/api.w.org\/{rel}","templated":true}]}}