{"id":2855,"date":"2020-04-17T07:57:07","date_gmt":"2020-04-17T05:57:07","guid":{"rendered":"https:\/\/www.maiwald.eu\/all\/maiwald-blog\/covid-19-unwirksame-klauseln-in-agb-von-messeveranstaltern-ruckerstattungspflicht\/"},"modified":"2021-10-01T16:47:32","modified_gmt":"2021-10-01T14:47:32","slug":"covid-19-unwirksame-klauseln-in-agb-von-messeveranstaltern-rueckerstattungspflicht","status":"publish","type":"maiwald-blog","link":"https:\/\/www.maiwald.eu\/de\/maiwald-blog\/covid-19-unwirksame-klauseln-in-agb-von-messeveranstaltern-rueckerstattungspflicht\/","title":{"rendered":"Covid-19: Unwirksame Klauseln in AGB von Messeveranstaltern \u2013 R\u00fcckerstattungspflicht?"},"content":{"rendered":"\n<p>Die derzeitigen Beschr\u00e4nkungen des \u00f6ffentlichen Lebens f\u00fchren zu gravierenden wirtschaftlichen Einbu\u00dfen auf Seite der Messeveranstalter und der teilnehmenden Industrie. So geht das Institut der Deutschen Messewirtschaft bereits aufgrund der bis zum 18. M\u00e4rz 2020 beschlossenen Termin\u00e4nderungen von einem gesamtwirtschaftlichen Schaden von bis zu 5,6 Milliarden Euro aus (<a href=\"https:\/\/www.auma.de\/de\/medien\/newsletter\/5-6-mrd-euro-kosten-durch-coronovirus-bedingte-absagen-von-messen\" target=\"_blank\" rel=\"noopener\">https:\/\/www.auma.de\/de\/medien\/newsletter\/5-6-mrd-euro-kosten-durch-coronovirus-bedingte-absagen-von-messen<\/a>). Aufgrund der vorerst bis zum 20. April 2020 verl\u00e4ngerten COVID-19-Ma\u00dfnahmen und der wahrscheinlich auch dar\u00fcber hinausgehenden Beschr\u00e4nkungen werden aller Voraussicht nach Termine im gesamten Messejahr 2020 von der COVID-19-Pandemie betroffen sein.<\/p>\n\n\n\n<p>Vereinzelt versuchen Messeveranstalter wie auch sonstige Betreiber von Gro\u00dfveranstaltungen, das durch die Terminabsage bedingte wirtschaftliche Risiko zumindest teilweise auf die Teilnehmer abzuw\u00e4lzen. So sehen wir in unserer t\u00e4glichen Praxis immer wieder Allgemeine Gesch\u00e4ftsbedingungen (AGB), welche das Recht zum R\u00fccktritt vom Vertrag (\u00a7 326 Abs. 5 BGB) und der Befreiung von der Gegenleistung (\u00a7 326 Abs. 1 BGB) im Falle h\u00f6herer Gewalt (force majeur) bzw. sonstiger Unm\u00f6glichkeit einzuschr\u00e4nken oder gar auszuschlie\u00dfen versuchen. Derartige Klauseln halten einer Inhaltskontrolle im Sinne von \u00a7\u00a7 307 ff. BGB jedoch in der Regel nicht stand. So gilt der Grundsatz, dass Klauseln, welche die R\u00fcckerstattung von Anzahlungen oder sonstigen Messegeb\u00fchren im Falle der Unm\u00f6glichkeit der Leistungserbringung abbedingen, gem\u00e4\u00df \u00a7 307 Abs. 1 BGB unwirksam sind. Derartige Klauseln stellen eine unangemessene Benachteiligung im Sinne von \u00a7 307 Abs. 1 BGB dar. Dies gilt sowohl f\u00fcr den B2B- als auch den B2C-Bereich.<\/p>\n\n\n\n<p>Betroffene Unternehmen sollten die geschlossenen Vertr\u00e4ge somit genau pr\u00fcfen. Enthalten die verwendeten AGB derartige Klauseln, so sind diese mit einer hohen Wahrscheinlichkeit unwirksam. Trotz entgegenstehender Klausel k\u00f6nnen die betroffenen Unternehmen somit beispielsweise eine R\u00fcckerstattung der bereits geleisteten Anzahlung verlangen. Zur Vermeidung von Rechtsstreitigkeiten sollte bei zuk\u00fcnftigen Vertr\u00e4gen bereits von Anfang an auf eine Streichung bzw. Anpassung derartiger Klauseln hingewirkt werden. Dies erh\u00f6ht die Rechtssicherheit und vermeidet Kosten bei der sp\u00e4teren Anspruchsdurchsetzung.<\/p>\n","protected":false},"template":"","meta":{"_acf_changed":false,"footnotes":""},"class_list":["post-2855","maiwald-blog","type-maiwald-blog","status-publish","hentry"],"acf":[],"_links":{"self":[{"href":"https:\/\/www.maiwald.eu\/de\/wp-json\/wp\/v2\/maiwald-blog\/2855","targetHints":{"allow":["GET"]}}],"collection":[{"href":"https:\/\/www.maiwald.eu\/de\/wp-json\/wp\/v2\/maiwald-blog"}],"about":[{"href":"https:\/\/www.maiwald.eu\/de\/wp-json\/wp\/v2\/types\/maiwald-blog"}],"version-history":[{"count":1,"href":"https:\/\/www.maiwald.eu\/de\/wp-json\/wp\/v2\/maiwald-blog\/2855\/revisions"}],"predecessor-version":[{"id":9304,"href":"https:\/\/www.maiwald.eu\/de\/wp-json\/wp\/v2\/maiwald-blog\/2855\/revisions\/9304"}],"wp:attachment":[{"href":"https:\/\/www.maiwald.eu\/de\/wp-json\/wp\/v2\/media?parent=2855"}],"curies":[{"name":"wp","href":"https:\/\/api.w.org\/{rel}","templated":true}]}}