{"id":2840,"date":"2020-04-07T08:19:11","date_gmt":"2020-04-07T06:19:11","guid":{"rendered":"https:\/\/www.maiwald.eu\/all\/maiwald-blog\/covid-19-insolvenz-aussetzungsgesetz-covinsag-eigenantrage\/"},"modified":"2021-10-06T18:05:52","modified_gmt":"2021-10-06T16:05:52","slug":"covid-19-insolvenz-aussetzungsgesetz-covinsag-eigenantraege","status":"publish","type":"maiwald-blog","link":"https:\/\/www.maiwald.eu\/de\/maiwald-blog\/covid-19-insolvenz-aussetzungsgesetz-covinsag-eigenantraege\/","title":{"rendered":"COVID-19-Insolvenz-Aussetzungsgesetz (COVInsAG) &#8211; Eigenantr\u00e4ge"},"content":{"rendered":"\n<p>Durch das COVInsAG vom 27. M\u00e4rz 2020 wird die Pflicht zur Stellung eines Insolvenzantrags f\u00fcr haftungsbeschr\u00e4nkte juristische Personen nach \u00a7 15a InsO und f\u00fcr Vereine bei einer durch die COVID-19-Pandemie bedingten Insolvenz bis zum 30. September 2020 ausgesetzt.<\/p>\n\n\n\n<p>Damit soll eine drohende Insolvenzwelle bei Unternehmen und Start-Ups vermieden werden, die infolge der Corona-Pandemie in eine finanzielle Schieflage geraten sind.<\/p>\n\n\n\n<p>Unternehmen, die aufgrund der Pandemie zahlungsunf\u00e4hig oder \u00fcberschuldet wurden, m\u00fcssen also bis zum 30. September 2020 entgegen der sonstigen Rechtslage nicht innerhalb von drei Wochen ab Eintritt des Insolvenzgrundes einen Antrag auf Er\u00f6ffnung eines Insolvenzverfahrens stellen. Damit riskieren Gesch\u00e4ftsf\u00fchrer und Vorst\u00e4nde sowie Vereinsvorst\u00e4nde nicht, sich wegen Insolvenzverschleppung strafbar oder zivilrechtlich haftbar zu machen, wenn sie aufgrund einer durch die aktuelle Pandemie eingetretenen Insolvenz keinen Antrag auf Er\u00f6ffnung eines Insolvenzantrags stellen.<\/p>\n\n\n\n<p>Zu beachten ist allerdings, dass die Insolvenzantragspflicht nicht ausgesetzt ist, wenn die Insolvenzreife nicht auf den Folgen der COVID-19-Pandemie beruht oder wenn keine Aussichten darauf bestehen, eine bestehende Zahlungsunf\u00e4higkeit zu beseitigen. Das Gesetz sieht eine gesetzliche Vermutung daf\u00fcr vor, dass die Insolvenzreife auf den Auswirkungen der Corona-Pandemie beruht und Aussichten darauf bestehen, dass eine bestehende Zahlungsunf\u00e4higkeit beseitigt werden kann, wenn der Schuldner am 31. Dezember 2019 nicht zahlungsunf\u00e4hig war.<\/p>\n\n\n\n<p>Konkret bedeutet dies, dass unter den genannten Voraussetzungen bis zum 30. September 2020 kein Insolvenzantrag gestellt werden muss. Je n\u00e4her dieser Stichtag r\u00fcckt, umso genauer muss die finanzielle Situation des Unternehmens und die Rechtslage beobachtet werden: Sofern die finanzielle Schieflage bis dahin nicht beseitigt werden konnte und der Gesetzgeber diesen \u201egesch\u00fctzten Zeitraum\u201c nicht verl\u00e4ngert, ist von den Organen rechtzeitig ein Insolvenzantrag zu stellen.<\/p>\n\n\n\n<p><a href=\"https:\/\/www.bmjv.de\/SharedDocs\/Gesetzgebungsverfahren\/Dokumente\/Bgbl_Corona-Pandemie.pdf;jsessionid=DD10863DF26C4DCE74DAD49548AE2A32.1_cid324?__blob=publicationFile&amp;v=1\" target=\"_blank\" rel=\"noopener\">Gesetz zur vor\u00fcbergehenden Aussetzung der Insolvenzantragspflicht und zur Begrenzung der Organhaftung bei einer durch die COVID-19-Pandemie bedingten Insolvenz<\/a><\/p>\n","protected":false},"template":"","meta":{"_acf_changed":false,"footnotes":""},"class_list":["post-2840","maiwald-blog","type-maiwald-blog","status-publish","hentry"],"acf":[],"_links":{"self":[{"href":"https:\/\/www.maiwald.eu\/de\/wp-json\/wp\/v2\/maiwald-blog\/2840","targetHints":{"allow":["GET"]}}],"collection":[{"href":"https:\/\/www.maiwald.eu\/de\/wp-json\/wp\/v2\/maiwald-blog"}],"about":[{"href":"https:\/\/www.maiwald.eu\/de\/wp-json\/wp\/v2\/types\/maiwald-blog"}],"version-history":[{"count":1,"href":"https:\/\/www.maiwald.eu\/de\/wp-json\/wp\/v2\/maiwald-blog\/2840\/revisions"}],"predecessor-version":[{"id":9588,"href":"https:\/\/www.maiwald.eu\/de\/wp-json\/wp\/v2\/maiwald-blog\/2840\/revisions\/9588"}],"wp:attachment":[{"href":"https:\/\/www.maiwald.eu\/de\/wp-json\/wp\/v2\/media?parent=2840"}],"curies":[{"name":"wp","href":"https:\/\/api.w.org\/{rel}","templated":true}]}}